[{"@context":"https:\/\/schema.org\/","@type":"Article","@id":"https:\/\/www.3vo.cz\/tepla-plaz\/#Article","mainEntityOfPage":"https:\/\/www.3vo.cz\/tepla-plaz\/","headline":"Tepl\u00e1 pl\u00e1\u017e","name":"Tepl\u00e1 pl\u00e1\u017e","description":"M\u00e1te r\u00e1di cestov\u00e1n\u00ed? Pokud ano, tak do jak\u00e9 destinace nejrad\u011bji cestujete? Kdy\u017e jsem se t\u0159eba ptala sv\u00e9 maminky a sv\u00e9ho&hellip;","datePublished":"2023-01-10","dateModified":"2023-05-18","author":{"@type":"Person","@id":"https:\/\/www.3vo.cz\/author\/#Person","name":"","url":"https:\/\/www.3vo.cz\/author\/","identifier":1,"image":{"@type":"ImageObject","@id":"https:\/\/secure.gravatar.com\/avatar\/6eaf701939e92690bed32d6f2e2c0f9e1355f2e3837c1fb45fbfacf848239e2d?s=96&d=mm&r=g","url":"https:\/\/secure.gravatar.com\/avatar\/6eaf701939e92690bed32d6f2e2c0f9e1355f2e3837c1fb45fbfacf848239e2d?s=96&d=mm&r=g","height":96,"width":96}},"publisher":{"@type":"Organization","name":"3vo.cz","logo":{"@type":"ImageObject","@id":"\/logo.png","url":"\/logo.png","width":600,"height":60}},"image":{"@type":"ImageObject","@id":"https:\/\/www.3vo.cz\/wp-content\/uploads\/aircraft-gdbcfc8377_640_1.jpg","url":"https:\/\/www.3vo.cz\/wp-content\/uploads\/aircraft-gdbcfc8377_640_1.jpg","height":0,"width":0},"url":"https:\/\/www.3vo.cz\/tepla-plaz\/","about":["Cestov\u00e1n\u00ed"],"wordCount":411,"articleBody":"M\u00e1te r\u00e1di cestov\u00e1n\u00ed? Pokud ano, tak do jak\u00e9 destinace nejrad\u011bji cestujete? Kdy\u017e jsem se t\u0159eba ptala sv\u00e9 maminky a sv\u00e9ho otce, kam nejrad\u011bji cestovali, kdy\u017e byli mlad\u00ed, tak mi oba dva \u0159ekli, \u017ee nejrad\u011bji m\u011bli Chorvatsko a tak\u00e9 Bulharsko. J\u00e1 se ani nediv\u00edm, proto\u017ee jsem taky kolikr\u00e1t byla v Bulharsku a tak\u00e9 v Chorvatsku a mus\u00edm uznat, \u017ee to je to opravdu ob\u011b dv\u011b moc kr\u00e1sn\u00e9 destinace. Ale j\u00e1 u\u017e \u017eiji docela v modern\u00ed dob\u011b, tak j\u00e1 jsem si nejrad\u011bji obl\u00edbila Malajsii a tak\u00e9 Tanzanii. Jsou to opravdu \u00fa\u017easn\u00e9 destinace, kam se jenom tak n\u011bkdo nedostane. Tak\u00e9 jsem zkou\u0161ela Havaj.A abych pravdu \u0159ekla, tak Havaj se mi zat\u00edm v byla opravdu ze v\u0161eho nejv\u00edc, Proto\u017ee Havaj je takov\u00e1 hodn\u011b exotick\u00e1 a l\u00edb\u00ed se mi, jak\u00e9 tam jsou tak\u00e9 lid\u00e9. Lid\u00e9 tu\u00a0jsou opravdu p\u0159\u00edjemn\u00ed a velice p\u0159\u00edv\u011btiv\u00ed, tak\u017ee se nemus\u00edte b\u00e1t, \u017ee byste t\u0159eba narazili na n\u011bjak\u00e9ho \u0161patn\u00e9ho \u010dlov\u011bka. I kdy\u017e samoz\u0159ejm\u011b i tady upozor\u0148uji, \u017ee v\u00fdjimky v\u017edycky existuj\u00ed. Nemyslete si, \u017ee kdy\u017e budete cestovat do n\u011bjak\u00e9 zem\u011b, kde m\u00e1te nejv\u011bt\u0161\u00ed pravd\u011bpodobnost, \u017ee tam budou sam\u00ed p\u0159\u00edjemn\u00ed a hodn\u00ed lid\u00e9, tak \u017ee tam opravdu \u017e\u00e1dn\u00e9ho zl\u00e9ho \u010dlov\u011bka nepotk\u00e1te. Proto\u017ee jsou v\u00fdjimky a \u0159\u00edk\u00e1 se, \u017ee v\u00fdjimka potvrzuje pravidlo. Tak\u017ee si nemyslete, abyste se \u0159\u00eddili podle tabulek anebo n\u011b\u010deho podobn\u00e9ho. J\u00e1 jsem v\u017edycky byla takov\u00e1, \u017ee jsem p\u0159i cestov\u00e1n\u00ed dala hlavn\u011b tak\u00e9 na svou intuici. A to hlavn\u011b vy, mil\u00e9 d\u00e1my, d\u00e1vejte tak\u00e9 na svou intuici a tak\u00e9 na sv\u016fj pocit. A to nejenom p\u0159i cestov\u00e1n\u00ed. J\u00e1 sama jsem \u017eena a opravdu velice \u010dasto vyu\u017e\u00edv\u00e1m svou \u017eenskou intuici, zat\u00edm jsem to v\u017edycky v\u0161echno vyplatilo. A tak\u00e9 bych v\u00e1m je\u0161t\u011b cht\u011bla p\u0159ipomenout, \u017ee kdy\u017e n\u011bkam cestujete, tak nezapome\u0148te hlavn\u011b na pen\u00edze a doklady a tak\u00e9 se zkuste vybavit n\u011bjak\u00fdm jazykov\u00fdmi znalostmi, abyste v\u011bd\u011bli, jak se p\u0159\u00edpadn\u011b domluvit. A letos se se synem chyst\u00e1me na dovolenou\u00a0jenom n\u011bkde v na\u0161\u00ed \u010cesk\u00e9 republice. Moc financ\u00ed n\u00e1m nezbylo, tak\u017ee si procestujeme alespo\u0148\u00a0t\u0159i kr\u00e1sn\u00e1 m\u011bsta tady u n\u00e1s.\u00a0                                                                                                                                                                                                                                                                                                                                                                                                "},{"@context":"https:\/\/schema.org\/","@type":"BreadcrumbList","itemListElement":[{"@type":"ListItem","position":1,"name":"Tepl\u00e1 pl\u00e1\u017e","item":"https:\/\/www.3vo.cz\/tepla-plaz\/#breadcrumbitem"}]}]