[{"@context":"https:\/\/schema.org\/","@type":"Article","@id":"https:\/\/www.3vo.cz\/proc-se-podcenujeme\/#Article","mainEntityOfPage":"https:\/\/www.3vo.cz\/proc-se-podcenujeme\/","headline":"Pro\u010d se podce\u0148ujeme","name":"Pro\u010d se podce\u0148ujeme","description":"Kr&Atilde;&iexcl;&Auml;&#338;lov&Auml;&#8250;k by si m&Auml;&#8250;l s&Atilde;&iexcl;m sebe v&Atilde;&iexcl;&Aring;&frac34;it a m&Atilde;&shy;t takov&Atilde;&copy; to zdrav&Atilde;&copy; sebev&Auml;&#8250;dom&Atilde;&shy;. Jen&Aring;&frac34;e co kdy&Aring;&frac34; se sp&Atilde;&shy;&Aring;&iexcl;e podce&Aring;&#710;uje a&hellip;","datePublished":"2023-11-11","dateModified":"2024-01-12","author":{"@type":"Person","@id":"https:\/\/www.3vo.cz\/author\/#Person","name":"","url":"https:\/\/www.3vo.cz\/author\/","identifier":1,"image":{"@type":"ImageObject","@id":"https:\/\/secure.gravatar.com\/avatar\/6eaf701939e92690bed32d6f2e2c0f9e1355f2e3837c1fb45fbfacf848239e2d?s=96&d=mm&r=g","url":"https:\/\/secure.gravatar.com\/avatar\/6eaf701939e92690bed32d6f2e2c0f9e1355f2e3837c1fb45fbfacf848239e2d?s=96&d=mm&r=g","height":96,"width":96}},"publisher":{"@type":"Organization","name":"3vo.cz","logo":{"@type":"ImageObject","@id":"\/logo.png","url":"\/logo.png","width":600,"height":60}},"image":{"@type":"ImageObject","@id":"https:\/\/www.3vo.cz\/wp-content\/uploads\/model-2349021_1280.jpg","url":"https:\/\/www.3vo.cz\/wp-content\/uploads\/model-2349021_1280.jpg","height":0,"width":0},"url":"https:\/\/www.3vo.cz\/proc-se-podcenujeme\/","about":["Kr\u00e1sa"],"wordCount":815,"articleBody":"Kr&Atilde;&iexcl;&Auml;&#338;lov&Auml;&#8250;k by si m&Auml;&#8250;l s&Atilde;&iexcl;m sebe v&Atilde;&iexcl;&Aring;&frac34;it a m&Atilde;&shy;t takov&Atilde;&copy; to zdrav&Atilde;&copy; sebev&Auml;&#8250;dom&Atilde;&shy;. Jen&Aring;&frac34;e co kdy&Aring;&frac34; se sp&Atilde;&shy;&Aring;&iexcl;e podce&Aring;&#710;uje a pova&Aring;&frac34;uje se za &Aring;&iexcl;kared&Atilde;&copy;ho? Na sv&Auml;&#8250;t&Auml;&#8250; plno lid&Atilde;&shy; trp&Atilde;&shy; mal&Atilde;&frac12;m sebev&Auml;&#8250;dom&Atilde;&shy;m. &Auml;&#338;asto jsou to &Aring;&frac34;eny, nebo dokonce i mu&Aring;&frac34;i, kte&Aring;&#8482;&Atilde;&shy; by ztr&Atilde;&iexcl;tou sebev&Auml;&#8250;dom&Atilde;&shy; trp&Auml;&#8250;t v&Aring;&macr;bec nemuseli. Na prvn&Atilde;&shy; pohled si &Aring;&#8482;eknete, &Aring;&frac34;e takov&Atilde;&frac12; mu&Aring;&frac34; nebo &Aring;&frac34;ena mus&Atilde;&shy; m&Atilde;&shy;t dostate&Auml;n&Atilde;&copy; sebev&Auml;&#8250;dom&Atilde;&shy;. Mo&Aring;&frac34;n&Atilde;&iexcl; si o nich i pomysl&Atilde;&shy;te, &Aring;&frac34;e jsou na vysok&Atilde;&frac12;ch pracovn&Atilde;&shy;ch pozic&Atilde;&shy;ch. S pracovn&Atilde;&shy; pozic&Atilde;&shy; to ale nem&Atilde;&iexcl; skoro nic spole&Auml;n&Atilde;&copy;ho. Jde o to, &Aring;&frac34;e m&Aring;&macr;&Aring;&frac34;ete m&Atilde;&shy;t n&Atilde;&shy;zk&Atilde;&copy; sebev&Auml;&#8250;dom&Atilde;&shy;, i kdy&Aring;&frac34; jste &Aring;&#8482;editelka firmy. Na tom nez&Atilde;&iexcl;le&Aring;&frac34;&Atilde;&shy;. Mohlo se st&Atilde;&iexcl;t n&Auml;&#8250;co v d&Auml;&#8250;tstv&Atilde;&shy;, co &Auml;lov&Auml;&#8250;ka negativn&Auml;&#8250; ovlivnilo a p&Aring;&#8482;im&Auml;&#8250;lo ho si myslet, &Aring;&frac34;e nen&Atilde;&shy; hezk&Atilde;&frac12;. N&Atilde;&shy;zk&Atilde;&copy; sebev&Auml;&#8250;dom&Atilde;&shy; m&Aring;&macr;&Aring;&frac34;e m&Atilde;&shy;t &Auml;asto ko&Aring;&#8482;eny v d&Auml;&#8250;tstv&Atilde;&shy;, kdy ho t&Aring;&#8482;eba rodi&Auml;e v&Aring;&macr;bec nechv&Atilde;&iexcl;lili a on m&Auml;&#8250;l pak pocit, &Aring;&frac34;e je odstr&Auml;en&Atilde;&frac12; a necht&Auml;&#8250;n&Atilde;&frac12;.A&Aring;&yen; u&Aring;&frac34; se jedn&Atilde;&iexcl; o jak&Atilde;&copy;hokoliv &Auml;lov&Auml;&#8250;ka, m&Auml;&#8250;l by si uv&Auml;&#8250;domit, &Aring;&frac34;e ka&Aring;&frac34;d&Atilde;&frac12; &Auml;lov&Auml;&#8250;k je kr&Atilde;&iexcl;sn&Atilde;&frac12;. &Auml;&#338;&Atilde;&shy;mkoliv. N&Auml;&#8250;kdo vynik&Atilde;&iexcl; vzhledem, n&Auml;&#8250;kdo zase m&Atilde;&iexcl; kr&Atilde;&iexcl;sn&Atilde;&copy; srdce. N&Auml;&#8250;kdo oboj&Atilde;&shy;. Proto je dobr&Atilde;&copy; uv&Auml;&#8250;domit si, &Aring;&frac34;e m&Atilde;&iexcl;me svoji cenu a nepodce&Aring;&#710;ovat se. Kdy&Aring;&frac34; n&Atilde;&iexcl;m n&Auml;&#8250;kdo bude &Aring;&#8482;&Atilde;&shy;kat, &Aring;&frac34;e jsme o&Aring;&iexcl;kliv&Atilde;&shy;, neposlouchat jej. To, co &Aring;&#8482;&Atilde;&shy;k&Atilde;&iexcl;, ve skute&Auml;nosti vypov&Atilde;&shy;d&Atilde;&iexcl; o n&Auml;&#8250;m samotn&Atilde;&copy;m, ne o n&Atilde;&iexcl;s. Takov&Atilde;&frac12; &Auml;lov&Auml;&#8250;k, kter&Atilde;&frac12; se n&Atilde;&iexcl;m toto sna&Aring;&frac34;&Atilde;&shy; namluvit, m&Atilde;&iexcl; mindr&Atilde;&iexcl;ky s&Atilde;&iexcl;m ze sebe. Kdy&Aring;&frac34; n&Atilde;&iexcl;m &Aring;&#8482;ekne n&Auml;&#8250;co hnusn&Atilde;&copy;ho a my tomu uv&Auml;&#8250;&Aring;&#8482;&Atilde;&shy;me, jemu se &#8222;ulev&Atilde;&shy;&#8220;.Ale jen tak naoko.&Acirc;&nbsp;Taky jsem kdysi trp&Auml;&#8250;la n&Atilde;&shy;zk&Atilde;&frac12;m sebev&Auml;&#8250;dom&Atilde;&shy;m a rozhodn&Auml;&#8250; jsem se po&Aring;&#8482;&Atilde;&iexcl;d podce&Aring;&#710;ovala. Ve &Aring;&iexcl;kole jsem nebyla obl&Atilde;&shy;ben&Atilde;&iexcl; a nezapadala jsem od ur&Auml;it&Atilde;&copy; doby do kolektivu. Stra&Aring;&iexcl;n&Auml;&#8250; m&Auml;&#8250; to tr&Atilde;&iexcl;pilo a &Auml;&Atilde;&shy;m del&Aring;&iexcl;&Atilde;&shy; dobu se se mnou nikdo nebavil, t&Atilde;&shy;m v&Atilde;&shy;ce jsem se c&Atilde;&shy;tila blb&Auml;&#8250; a st&Atilde;&shy;sn&Auml;&#8250;n&Auml;&#8250;. Nakonec to dopadlo tak, &Aring;&frac34;e jsem kv&Aring;&macr;li tomu nedod&Auml;&#8250;lala ani vysokou &Aring;&iexcl;kolu, proto&Aring;&frac34;e kolektiv m&Auml;&#8250; nebral.Te&Auml; u&Aring;&frac34; bych &Aring;&iexcl;la do &Aring;&iexcl;koly jenom tehdy, kdy&Aring;&frac34; bych m&Auml;&#8250;la d&Atilde;&iexcl;lkov&Atilde;&copy; studium. Ale moje sebev&Auml;&#8250;dom&Atilde;&shy; u&Aring;&frac34; je lep&Aring;&iexcl;&Atilde;&shy; a u&Aring;&frac34; se nepodce&Aring;&#710;uji. Na&Aring;&iexcl;la jsem si kamar&Atilde;&iexcl;dky a m&Atilde;&iexcl;m se r&Atilde;&iexcl;da.                                                                                                                                                                                                                                                                                                                                                                                                "},{"@context":"https:\/\/schema.org\/","@type":"BreadcrumbList","itemListElement":[{"@type":"ListItem","position":1,"name":"Pro\u010d se podce\u0148ujeme","item":"https:\/\/www.3vo.cz\/proc-se-podcenujeme\/#breadcrumbitem"}]}]