[{"@context":"https:\/\/schema.org\/","@type":"Article","@id":"https:\/\/www.3vo.cz\/dovolena-kdy-si-odpocinete\/#Article","mainEntityOfPage":"https:\/\/www.3vo.cz\/dovolena-kdy-si-odpocinete\/","headline":"Dovolen\u00e1, kdy si odpo\u010dinete","name":"Dovolen\u00e1, kdy si odpo\u010dinete","description":"Mo\u017en\u00e1 nam\u00edtnete, \u017ee takov\u00e1 by m\u011bla b\u00fdt ka\u017ed\u00e1 dovolen\u00e1. Ano, od toho jist\u011b dovolen\u00e9 jsou. Ale m\u00e1te-li d\u011bti, \u010di snad&hellip;","datePublished":"2025-03-11","dateModified":"2025-03-11","author":{"@type":"Person","@id":"https:\/\/www.3vo.cz\/author\/#Person","name":"","url":"https:\/\/www.3vo.cz\/author\/","identifier":1,"image":{"@type":"ImageObject","@id":"https:\/\/secure.gravatar.com\/avatar\/6eaf701939e92690bed32d6f2e2c0f9e1355f2e3837c1fb45fbfacf848239e2d?s=96&d=mm&r=g","url":"https:\/\/secure.gravatar.com\/avatar\/6eaf701939e92690bed32d6f2e2c0f9e1355f2e3837c1fb45fbfacf848239e2d?s=96&d=mm&r=g","height":96,"width":96}},"publisher":{"@type":"Organization","name":"3vo.cz","logo":{"@type":"ImageObject","@id":"\/logo.png","url":"\/logo.png","width":600,"height":60}},"url":"https:\/\/www.3vo.cz\/dovolena-kdy-si-odpocinete\/","wordCount":229,"articleBody":"Mo\u017en\u00e1 nam\u00edtnete, \u017ee takov\u00e1 by m\u011bla b\u00fdt ka\u017ed\u00e1 dovolen\u00e1. Ano, od toho jist\u011b dovolen\u00e9 jsou. Ale m\u00e1te-li d\u011bti, \u010di snad dokonce dom\u00e1c\u00ed zv\u00ed\u0159ata, \u0159ekn\u011bte up\u0159\u00edmn\u011b, je pro V\u00e1s mo\u017enost tr\u00e1vit cel\u00e9 dny v t\u00e9to sestav\u011b skute\u010dn\u011b pln\u00e1 odpo\u010dinku, \u010derp\u00e1te nov\u00e9 s\u00edly? Nebo ve\u010der padnete do postele jako zabit\u00ed, proto\u017ee jste utahan\u00ed z vym\u00fd\u0161len\u00ed programu pro mal\u00e9 nezmary, kte\u0159\u00ed ani ve\u010der nejev\u00ed zn\u00e1mky \u00fanavy? Vymyslete svou dovolenou v\u010das, vyberte takovou, kter\u00e1 je p\u0159\u00edjemn\u00e1, nen\u00ed drah\u00e1, bude bavit d\u011bti a V\u00e1s, budete m\u00edt mo\u017enost str\u00e1vit \u010d\u00e1st \u010dasu i bez d\u011bt\u00ed. A jak\u00e1 dovolen\u00e1 spl\u0148uje tyto parametry? Jen p\u00e1r hodin j\u00edzdy Dovolen\u00e1, kter\u00e1 spl\u0148uje v\u0161echny jmenovan\u00e9 podm\u00ednky a navrch V\u00e1s p\u0159ekvap\u00ed celou \u0159adou dal\u0161\u00edch v\u00fdhod a p\u0159\u00edjemn\u00fdch mo\u017enost\u00ed se jmenuje autokemp Je\u017eevac. Zde se nab\u00edz\u00ed perfektn\u00ed ubytov\u00e1n\u00ed Chorvatsko, volit m\u016f\u017eete mezi stany \u010di karavany, oboj\u00ed je mo\u017eno zde pronajmout. A jak je to daleko? Z Prahy jste u n\u00e1s jen za 9 hodin j\u00edzdy, z Brna dokonce je\u0161t\u011b o 2 m\u00e9n\u011b. Dejte si po ob\u011bd\u011b k\u00e1vi\u010dku, vyje\u010fte a na ve\u010de\u0159i jste u n\u00e1s.                                                                                                                                                                                                                                                                                                                                                                                                "},{"@context":"https:\/\/schema.org\/","@type":"BreadcrumbList","itemListElement":[{"@type":"ListItem","position":1,"name":"Dovolen\u00e1, kdy si odpo\u010dinete","item":"https:\/\/www.3vo.cz\/dovolena-kdy-si-odpocinete\/#breadcrumbitem"}]}]