[{"@context":"https:\/\/schema.org\/","@type":"Article","@id":"https:\/\/www.3vo.cz\/domu-se-nas-moc-nevejde\/#Article","mainEntityOfPage":"https:\/\/www.3vo.cz\/domu-se-nas-moc-nevejde\/","headline":"Dom\u016f se n\u00e1s moc nevejde","name":"Dom\u016f se n\u00e1s moc nevejde","description":"Uspo\u0159\u00e1dat n\u011bjakou men\u0161\u00ed akci\u010dku nemus\u00ed b\u00fdt zase a\u017e takov\u00fd probl\u00e9m. Pozve se p\u00e1r kamar\u00e1d\u016f nebo jin\u00fdch vybran\u00fdch lid\u00ed, s t\u011bmito&hellip;","datePublished":"2024-07-27","dateModified":"2024-07-27","author":{"@type":"Person","@id":"https:\/\/www.3vo.cz\/author\/#Person","name":"","url":"https:\/\/www.3vo.cz\/author\/","identifier":1,"image":{"@type":"ImageObject","@id":"https:\/\/secure.gravatar.com\/avatar\/6eaf701939e92690bed32d6f2e2c0f9e1355f2e3837c1fb45fbfacf848239e2d?s=96&d=mm&r=g","url":"https:\/\/secure.gravatar.com\/avatar\/6eaf701939e92690bed32d6f2e2c0f9e1355f2e3837c1fb45fbfacf848239e2d?s=96&d=mm&r=g","height":96,"width":96}},"publisher":{"@type":"Organization","name":"3vo.cz","logo":{"@type":"ImageObject","@id":"\/logo.png","url":"\/logo.png","width":600,"height":60}},"image":{"@type":"ImageObject","@id":"https:\/\/www.3vo.cz\/wp-content\/uploads\/sssssssssss_10.jpg","url":"https:\/\/www.3vo.cz\/wp-content\/uploads\/sssssssssss_10.jpg","height":0,"width":0},"url":"https:\/\/www.3vo.cz\/domu-se-nas-moc-nevejde\/","about":["Podnik\u00e1n\u00ed"],"wordCount":408,"articleBody":"         Uspo\u0159\u00e1dat n\u011bjakou men\u0161\u00ed akci\u010dku nemus\u00ed b\u00fdt zase a\u017e takov\u00fd probl\u00e9m. Pozve se p\u00e1r kamar\u00e1d\u016f nebo jin\u00fdch vybran\u00fdch lid\u00ed, s t\u011bmito se zav\u0159eme u n\u00e1s doma nebo vyu\u017eijeme n\u011bjak\u00fd restaura\u010dn\u00ed prostor nebo objekt, kter\u00fd je pro podobn\u00e9 akce ur\u010den\u00fd a d\u00e1 se pronajmout, a pak u\u017e se sta\u010d\u00ed postarat o ob\u010derstven\u00ed a z\u00e1bavu. Nemus\u00ed to b\u00fdt v\u016fbec slo\u017eit\u00e9. I kdy\u017e samoz\u0159ejm\u011b tak\u00e9 m\u016f\u017ee, to podle na\u0161ich p\u0159edstav a o\u010dek\u00e1v\u00e1n\u00ed, respektive podle slu\u017eeb, je\u017e jsou n\u00e1m v tomto ohledu k dispozici.Ale kdy\u017e se m\u00e1 uspo\u0159\u00e1dat akce, kter\u00e9 se m\u00e1 \u00fa\u010dastnit v\u011bt\u0161\u00ed po\u010det lid\u00ed, je to komplikovan\u011bj\u0161\u00ed. Des\u00edtky nebo i stovky lid\u00ed pobyt u n\u00e1s doma neuspokoj\u00ed. Leda \u017ee by se doty\u010dn\u00ed r\u00e1di ma\u010dkali. Co\u017e neb\u00fdv\u00e1 pravidlem. A tak se mus\u00ed zajistit vhodn\u00fd prostor n\u011bkde jinde.Nab\u00edz\u00ed se n\u00e1m t\u0159eba na\u0161e zahrada, louka nebo jin\u00e1 parcela, kterou m\u00e1me k dispozici. Tam se n\u00e1s vejde ur\u010dit\u011b v\u00edc, a nav\u00edc je tam i p\u0159\u00edjemn\u011bji ne\u017e mezi \u010dty\u0159mi st\u011bnami. Pokud samoz\u0159ejm\u011b nepr\u0161\u00ed, nefouk\u00e1 v\u00edtr, nepadaj\u00ed kroupy a podobn\u011b. Ale v\u011btru a de\u0161ti nedok\u00e1\u017eeme po\u0159\u00e1d je\u0161t\u011b poru\u010dit, ba ani s dlouhodob\u011bj\u0161\u00ed p\u0159edpov\u011bd\u00ed po\u010das\u00ed si nedok\u00e1\u017eeme poradit. A kdy\u017e se p\u0159ipravuje v\u011bt\u0161\u00ed akce vy\u017eaduj\u00edc\u00ed slo\u017eit\u011bj\u0161\u00ed organiza\u010dn\u00ed \u010dinnosti, nejde to za\u0159\u00eddit ze dne na den. A kdo v\u00ed, jak bude, a\u017e nastane term\u00edn takov\u00e9 akce?Tak\u017ee m\u016f\u017eeme riskovat, \u017ee uchyst\u00e1me na sv\u00e9 zahrad\u011b oslavu, kterou n\u00e1m pokaz\u00ed nebo dokonce znemo\u017en\u00ed po\u010das\u00ed. A kv\u016fli tomu se podobn\u00e9 akce ned\u011blaj\u00ed, \u017ee? Ale jak se tedy vyhnout nep\u0159\u00edzni po\u010das\u00ed?Nen\u00ed to vlastn\u011b nic slo\u017eit\u00e9ho. V\u017edy\u0165 se d\u00e1 vyu\u017e\u00edt pron\u00e1jem party stan\u016f levn\u011b, a pod takov\u00fdmi party stany se da\u0159\u00ed bez ohledu na po\u010das\u00ed. Pod t\u011bmi se mohou kdykoliv schovat \u00fa\u010dastn\u00edci akce stejn\u011b jako n\u00e1bytek, poho\u0161t\u011bn\u00ed a dal\u0161\u00ed z\u00e1le\u017eitosti, kter\u00e9 k takov\u00e9 akci pat\u0159\u00ed. A kter\u00e9 si m\u016f\u017eeme \u010dasto p\u016fj\u010dit spolu s t\u011bmito stany.Tak\u017ee neriskujte, \u017ee budete organizovat, a nakonec z toho nebude nic.                                                                                                                                                                                                                                                                                                                                                                                                  "},{"@context":"https:\/\/schema.org\/","@type":"BreadcrumbList","itemListElement":[{"@type":"ListItem","position":1,"name":"Dom\u016f se n\u00e1s moc nevejde","item":"https:\/\/www.3vo.cz\/domu-se-nas-moc-nevejde\/#breadcrumbitem"}]}]